{"id":835,"date":"2017-08-31T04:14:08","date_gmt":"2017-08-31T02:14:08","guid":{"rendered":"https:\/\/www.tuomarinkylanratsastajat.fi\/tkr\/?p=835"},"modified":"2017-08-31T09:15:41","modified_gmt":"2017-08-31T07:15:41","slug":"markku-soderberg-estevalmennus-2-3-9-2017","status":"publish","type":"post","link":"https:\/\/www.tuomarinkylanratsastajat.fi\/tkr\/valmennukset\/markku-soderbergin-valmennukset\/markku-soderberg-estevalmennus-2-3-9-2017\/","title":{"rendered":"Markku S\u00f6derberg: Estevalmennus 2.-3.9.2017"},"content":{"rendered":"<h3>RYHM\u00c4T JA AIKATAULU<\/h3>\n<p><strong>La 14.00-15.30<\/strong><br \/>\nAnnina M.<br \/>\nAlli A.<br \/>\nPetra F.<\/p>\n<p><strong>La 15.30-17.00<\/strong><br \/>\nNina S.<br \/>\nAnnika J.<br \/>\nDaniela N.<br \/>\nJuha V.<br \/>\nMila K.<\/p>\n<p><strong>La 17.00-18.30<\/strong><br \/>\nSelma M.<br \/>\nHenna M.<br \/>\nMaarit L.<br \/>\nFrida K.<br \/>\nSiiri T.<\/p>\n<p><strong>La 18.30-20.00<\/strong><br \/>\nHenna M.<br \/>\nNina S.<br \/>\nKiki<br \/>\nKatja L.<\/p>\n<p><strong>Su 8.00-9.30<\/strong><br \/>\nAnnina M.<br \/>\nAlli A.<br \/>\nTuomiaro<br \/>\nMaarit L.<br \/>\nPetra F.<\/p>\n<p><strong>Su 9.30-11.00<\/strong><br \/>\nDaniela<br \/>\nJuha V.<br \/>\nMila K.<br \/>\nAnnika J.<br \/>\nKiki<\/p>\n<p><strong>Su 11.00-12.30<\/strong><br \/>\nSelma M.<br \/>\nHenna M.<br \/>\nFrida K.<br \/>\nKatja L.<br \/>\nHanna K.<\/p>\n<p><strong>Su 12.30-14.00<\/strong><br \/>\nHenna M.<br \/>\nNina S.<br \/>\nKiki<br \/>\nTanja L.<br \/>\nTuula A.<\/p>\n<p>Muistetaan taas ett\u00e4 jokainen osallistuu kakan keruuseen ja radan rakennukseen, varsinkin la! Voidaan varmaan rakentaa jo la illalla su aamun teht\u00e4v\u00e4 valmiiksi. Jos joku unohtunut listalta, viesti\u00e4 tulemaan. Viel\u00e4 mahtuu mukaan, aikatauluja voidaan aina venytt\u00e4\u00e4.<\/p>\n<p>&nbsp;<\/p>\n<p><strong>TKR J\u00c4RJEST\u00c4\u00c4: MARKKU S\u00d6DERBERGIN ESTEVALMENNUS TUOMARINKYL\u00c4SS\u00c4 2.-3.9.2017<\/strong><\/p>\n<p>Valmennus j\u00e4rjestet\u00e4\u00e4n lauantaina (alkaen klo 15)\u00a0ja sunnuntaina (alkaen klo 8)\u00a0ulkona estekent\u00e4ll\u00e4. Valmennus ratsastetaan viiden ratsukon ryhmiss\u00e4, 1,5 tuntia\/ ryhm\u00e4 \/ p\u00e4iv\u00e4.<\/p>\n<p>Valmennuksen hinta sis\u00e4lt\u00e4\u00e4 valmennuksen ja kent\u00e4n vuokrat. TKR:n ja HEWI:n j\u00e4senille seurat tukevat osaa valmennuksen hinnasta. Tuki koskee vain yht\u00e4 hevosta\/ratsastaja\/pv\u00e4.<\/p>\n<ul>\n<li>TKR:n ja HEWI:n j\u00e4senet: 65\u20ac viikonloppu (la 32,50\u20ac ja su 32,50\u20ac erikseen) valmennustuella.<\/li>\n<li>TKR:n ja HEWI:n j\u00e4senet: viikonloppu ilman valmennustukea 85\u20ac (la 42,50\u20ac ja su 42,50\u20ac erikseen).<\/li>\n<li>Muiden seurojen j\u00e4senet: 100\u20ac viikonloppu (la 50\u20ac ja su 50\u20ac erikseen).<\/li>\n<\/ul>\n<p>Ilmoittautumiset viimeist\u00e4\u00e4n lauantaina 26.8.2017 Kirsi Degerth-Moldovanille, ainoastaan s\u00e4hk\u00f6postilla kirsi.degerth@ratsastusopisto.fi. Kerro nimesi, puhelinnumerosi, seurasi, hevosen nimi ja tasonne.<\/p>\n<p><strong>Ilmoittajan on oltava t\u00e4ysi-ik\u00e4inen. Alle 18v lasten ja nuorten ollessa kyseess\u00e4, heid\u00e4n huoltajansa tulee hoitaa ilmoittautuminen.<\/strong><\/p>\n<p>Ryhm\u00e4t muodostetaan tason mukaan. Ilmoittautuminen on sitova eli viimeisen ilmoittautumisp\u00e4iv\u00e4n j\u00e4lkeen ratsastaja on velvollinen joko maksamaan kurssimaksun, tai hankkimaan korvaavan ratsukon tilalle, mik\u00e4li ei p\u00e4\u00e4se osallistumaan kurssille. TKR:\u00e4\u00e4 edustavilla j\u00e4senill\u00e4 on etusija tunneille viimeiseen ilmoittautumisp\u00e4iv\u00e4\u00e4n saakka, ja paikat t\u00e4ytet\u00e4\u00e4n ilmoittautumisj\u00e4rjestyksess\u00e4. Etusijalla on my\u00f6s koko viikonlopun varaukset.<\/p>\n<p>Kurssi maksetaan 26.8.2017. menness\u00e4 TKR: n tilille FI74 1412 3000 6014 05, k\u00e4yt\u00e4 maksaessasi viitenumeroa 15477.<\/p>\n<p>Tervetuloa mukaan!<\/p>\n","protected":false},"excerpt":{"rendered":"<p>RYHM\u00c4T JA AIKATAULU La 14.00-15.30 Annina M. Alli A. Petra F. La 15.30-17.00 Nina S. Annika J. Daniela N. Juha V. Mila K. La 17.00-18.30 Selma M. Henna M. Maarit L. Frida K. Siiri T. La 18.30-20.00 Henna M. Nina<span class=\"ellipsis\">&hellip;<\/span><\/p>\n<div class=\"read-more\"><a href=\"https:\/\/www.tuomarinkylanratsastajat.fi\/tkr\/valmennukset\/markku-soderbergin-valmennukset\/markku-soderberg-estevalmennus-2-3-9-2017\/\">Read more <span class=\"screen-reader-text\">Markku S\u00f6derberg: Estevalmennus 2.-3.9.2017<\/span><span class=\"meta-nav\"> &#8250;<\/span><\/a><\/div>\n<p><!-- end of .read-more --><\/p>\n","protected":false},"author":3,"featured_media":0,"comment_status":"open","ping_status":"closed","sticky":false,"template":"","format":"standard","meta":{"footnotes":""},"categories":[17],"tags":[],"class_list":["post-835","post","type-post","status-publish","format-standard","hentry","category-markku-soderbergin-valmennukset"],"_links":{"self":[{"href":"https:\/\/www.tuomarinkylanratsastajat.fi\/tkr\/wp-json\/wp\/v2\/posts\/835","targetHints":{"allow":["GET"]}}],"collection":[{"href":"https:\/\/www.tuomarinkylanratsastajat.fi\/tkr\/wp-json\/wp\/v2\/posts"}],"about":[{"href":"https:\/\/www.tuomarinkylanratsastajat.fi\/tkr\/wp-json\/wp\/v2\/types\/post"}],"author":[{"embeddable":true,"href":"https:\/\/www.tuomarinkylanratsastajat.fi\/tkr\/wp-json\/wp\/v2\/users\/3"}],"replies":[{"embeddable":true,"href":"https:\/\/www.tuomarinkylanratsastajat.fi\/tkr\/wp-json\/wp\/v2\/comments?post=835"}],"version-history":[{"count":5,"href":"https:\/\/www.tuomarinkylanratsastajat.fi\/tkr\/wp-json\/wp\/v2\/posts\/835\/revisions"}],"predecessor-version":[{"id":949,"href":"https:\/\/www.tuomarinkylanratsastajat.fi\/tkr\/wp-json\/wp\/v2\/posts\/835\/revisions\/949"}],"wp:attachment":[{"href":"https:\/\/www.tuomarinkylanratsastajat.fi\/tkr\/wp-json\/wp\/v2\/media?parent=835"}],"wp:term":[{"taxonomy":"category","embeddable":true,"href":"https:\/\/www.tuomarinkylanratsastajat.fi\/tkr\/wp-json\/wp\/v2\/categories?post=835"},{"taxonomy":"post_tag","embeddable":true,"href":"https:\/\/www.tuomarinkylanratsastajat.fi\/tkr\/wp-json\/wp\/v2\/tags?post=835"}],"curies":[{"name":"wp","href":"https:\/\/api.w.org\/{rel}","templated":true}]}}