{"id":4475,"date":"2026-04-01T21:23:00","date_gmt":"2026-04-01T19:23:00","guid":{"rendered":"https:\/\/www.tuomarinkylanratsastajat.fi\/tkr\/?p=4475"},"modified":"2026-04-30T19:49:18","modified_gmt":"2026-04-30T17:49:18","slug":"emilia-vatto-valmentaa-esteratsukoita-tuomarinkylassa-10-1-2026","status":"publish","type":"post","link":"https:\/\/www.tuomarinkylanratsastajat.fi\/tkr\/uutiset-2\/emilia-vatto-valmentaa-esteratsukoita-tuomarinkylassa-10-1-2026\/","title":{"rendered":"Emilia V\u00e4tt\u00f6 valmentaa esteratsukoita Tuomarinkyl\u00e4ss\u00e4 9.5.2026"},"content":{"rendered":"<p><a href=\"https:\/\/www.tuomarinkylanratsastajat.fi\/tkr\/wp-content\/uploads\/2021\/11\/21082894_10212808095610889_7099751545994732775_o-600x438-1.jpg\"><img loading=\"lazy\" decoding=\"async\" class=\"alignnone size-thumbnail wp-image-2884\" src=\"https:\/\/www.tuomarinkylanratsastajat.fi\/tkr\/wp-content\/uploads\/2021\/11\/21082894_10212808095610889_7099751545994732775_o-600x438-1-150x150.jpg\" alt=\"\" width=\"150\" height=\"150\" \/> <\/a><\/p>\n<p><a href=\"https:\/\/www.tuomarinkylanratsastajat.fi\/tkr\/wp-content\/uploads\/2021\/11\/21082894_10212808095610889_7099751545994732775_o-600x438-1.jpg\"><strong>Tervetuloa Emilian valmennukseen!<\/strong><\/a><\/p>\n<p>Valmennus j\u00e4rjestet\u00e4\u00e4n kolmen ratsukon ryhmiss\u00e4, Tuomarinkyl\u00e4n estekent\u00e4ll\u00e4.<\/p>\n<p><strong>Hinnat:<\/strong><\/p>\n<ul>\n<li>TKR:n j\u00e4senet 56\u20ac valmennustuella<\/li>\n<li>HeWin j\u00e4senet 61 \u20ac valmennustuella<\/li>\n<li>Muiden seurojen j\u00e4senet\/kahdella tai useammalla hevosella osallistuvat 66 \u20ac\/ hevonen<\/li>\n<li>Hinnat sis\u00e4lt\u00e4v\u00e4t kentt\u00e4maksun<\/li>\n<\/ul>\n<p>T\u00e4m\u00e4 valmennus on ainoastaan Talli Oy:n, Ratsastuskoulun sek\u00e4 Ratsastusopiston ratsukoille.<\/p>\n<p><strong>Ilmoittautumiset ja maksut:<\/strong><\/p>\n<ul>\n<li>Ilmoittautumiset seuran s-postiin viimeist\u00e4\u00e4n 5.5.2026, <span style=\"color: #0000ff;\"><strong>kanslia@tuomarinkylanratsastajat.fi, <\/strong><span style=\"color: #000000;\">kerro nimesi, puh.numerosi, seurasi, hevosen\/ ponin nimi ja tasosi<\/span><\/span><\/li>\n<li>Alaik\u00e4isen \u00a0ilmoittautumisen hoitaa huoltaja<\/li>\n<li>Maksut Tuomarinkyl\u00e4n Ratsastajat ry:n tilille viimeist\u00e4\u00e4n 5.5.2026<\/li>\n<li>Tilin nro: FI74 1412 3000 6014 05 ja k\u00e4yt\u00e4 ehdottomasti viitett\u00e4 15804<\/li>\n<\/ul>\n<p><strong>Valmennus on tarkoitettu kaiken tasoisille ratsukoille, aloittelijasta t\u00e4ti-set\u00e4 harrastajiin ja kilpaileviin ratsukoihin. Ryhm\u00e4t muodostetaan tason mukaan. \u00a0 \u00a0<\/strong><\/p>\n<p>Valmennuksissani keskityn ratsukon sujuvaan yhteisty\u00f6h\u00f6n ja ongelmien ratkaisuihin. \u00a0K\u00e4yn s\u00e4\u00e4nn\u00f6llisesti kerran kuukaudessa valmentamassa Suomessa, jos kiinnostuit, niin ole yhteydess\u00e4 EV Equine nettisivujeni kautta.<\/p>\n<p><span style=\"color: #000000;\"><a style=\"color: #000000;\" href=\"https:\/\/www.tuomarinkylanratsastajat.fi\/tkr\/wp-content\/uploads\/2021\/11\/21082894_10212808095610889_7099751545994732775_o-600x438-1.jpg\"><strong>E<\/strong><\/a><a style=\"color: #000000;\" href=\"https:\/\/www.tuomarinkylanratsastajat.fi\/tkr\/wp-content\/uploads\/2021\/11\/21082894_10212808095610889_7099751545994732775_o-600x438-1.jpg\"><strong>milia<\/strong><\/a><a style=\"color: #000000;\" href=\"https:\/\/www.tuomarinkylanratsastajat.fi\/tkr\/wp-content\/uploads\/2021\/11\/21082894_10212808095610889_7099751545994732775_o-600x438-1.jpg\"> on Domista l\u00e4ht\u00f6isin oleva ammattiratsastaja ja talliyritt\u00e4j\u00e4 Hollannista. Kilpailen KV- ja kansallisella tasolla, TKR on edelleen kotiseurani. Koulutukseni ratsastuksessa, olen liikunnan ja valmennuksen ammativalmentajatutkinnon (esteratsastus p\u00e4\u00e4aineena) suorittanut. Olen my\u00f6s<\/a> SRL:n II -tason estevalmentaja sek\u00e4 vuoden 2026 alusta my\u00f6s SRL:n hallituksen j\u00e4sen seuraavat kolme vuotta<\/span><span style=\"color: #0000ff;\"><span style=\"color: #000000;\">.\u00a0<\/span><\/span><\/p>\n<p><a href=\"https:\/\/www.tuomarinkylanratsastajat.fi\/tkr\/wp-content\/uploads\/2025\/08\/logo-TKR.png\"><img loading=\"lazy\" decoding=\"async\" class=\"alignnone size-full wp-image-4248\" src=\"https:\/\/www.tuomarinkylanratsastajat.fi\/tkr\/wp-content\/uploads\/2025\/08\/logo-TKR.png\" alt=\"\" width=\"90\" height=\"135\" \/>\u00a0 \u00a0 \u00a0 \u00a0 \u00a0 \u00a0 \u00a0 \u00a0 \u00a0 Tervetuloa valmentautumaan!<\/a><\/p>\n<p>&nbsp;<\/p>\n","protected":false},"excerpt":{"rendered":"<p>Tervetuloa Emilian valmennukseen! Valmennus j\u00e4rjestet\u00e4\u00e4n kolmen ratsukon ryhmiss\u00e4, Tuomarinkyl\u00e4n estekent\u00e4ll\u00e4. Hinnat: TKR:n j\u00e4senet 56\u20ac valmennustuella HeWin j\u00e4senet 61 \u20ac valmennustuella Muiden seurojen j\u00e4senet\/kahdella tai useammalla hevosella osallistuvat 66 \u20ac\/ hevonen Hinnat sis\u00e4lt\u00e4v\u00e4t kentt\u00e4maksun T\u00e4m\u00e4 valmennus on ainoastaan Talli Oy:n, Ratsastuskoulun<span class=\"ellipsis\">&hellip;<\/span><\/p>\n<div class=\"read-more\"><a href=\"https:\/\/www.tuomarinkylanratsastajat.fi\/tkr\/uutiset-2\/emilia-vatto-valmentaa-esteratsukoita-tuomarinkylassa-10-1-2026\/\">Read more <span class=\"screen-reader-text\">Emilia V\u00e4tt\u00f6 valmentaa esteratsukoita Tuomarinkyl\u00e4ss\u00e4 9.5.2026<\/span><span class=\"meta-nav\"> &#8250;<\/span><\/a><\/div>\n<p><!-- end of .read-more --><\/p>\n","protected":false},"author":4,"featured_media":0,"comment_status":"closed","ping_status":"closed","sticky":false,"template":"","format":"standard","meta":{"footnotes":""},"categories":[69,44,66],"tags":[],"class_list":["post-4475","post","type-post","status-publish","format-standard","hentry","category-emilia-vatto-valmennukset","category-uutiset-2","category-valmennukset"],"_links":{"self":[{"href":"https:\/\/www.tuomarinkylanratsastajat.fi\/tkr\/wp-json\/wp\/v2\/posts\/4475","targetHints":{"allow":["GET"]}}],"collection":[{"href":"https:\/\/www.tuomarinkylanratsastajat.fi\/tkr\/wp-json\/wp\/v2\/posts"}],"about":[{"href":"https:\/\/www.tuomarinkylanratsastajat.fi\/tkr\/wp-json\/wp\/v2\/types\/post"}],"author":[{"embeddable":true,"href":"https:\/\/www.tuomarinkylanratsastajat.fi\/tkr\/wp-json\/wp\/v2\/users\/4"}],"replies":[{"embeddable":true,"href":"https:\/\/www.tuomarinkylanratsastajat.fi\/tkr\/wp-json\/wp\/v2\/comments?post=4475"}],"version-history":[{"count":11,"href":"https:\/\/www.tuomarinkylanratsastajat.fi\/tkr\/wp-json\/wp\/v2\/posts\/4475\/revisions"}],"predecessor-version":[{"id":4675,"href":"https:\/\/www.tuomarinkylanratsastajat.fi\/tkr\/wp-json\/wp\/v2\/posts\/4475\/revisions\/4675"}],"wp:attachment":[{"href":"https:\/\/www.tuomarinkylanratsastajat.fi\/tkr\/wp-json\/wp\/v2\/media?parent=4475"}],"wp:term":[{"taxonomy":"category","embeddable":true,"href":"https:\/\/www.tuomarinkylanratsastajat.fi\/tkr\/wp-json\/wp\/v2\/categories?post=4475"},{"taxonomy":"post_tag","embeddable":true,"href":"https:\/\/www.tuomarinkylanratsastajat.fi\/tkr\/wp-json\/wp\/v2\/tags?post=4475"}],"curies":[{"name":"wp","href":"https:\/\/api.w.org\/{rel}","templated":true}]}}