{"id":3821,"date":"2024-05-16T15:30:30","date_gmt":"2024-05-16T13:30:30","guid":{"rendered":"https:\/\/www.tuomarinkylanratsastajat.fi\/tkr\/?p=3821"},"modified":"2024-05-17T12:42:29","modified_gmt":"2024-05-17T10:42:29","slug":"tkrn-vuosikokous-2024","status":"publish","type":"post","link":"https:\/\/www.tuomarinkylanratsastajat.fi\/tkr\/tapahtumat\/tkrn-vuosikokous-2024\/","title":{"rendered":"TKR:n Vuosikokous 2024"},"content":{"rendered":"<p><strong>TKR:n Vuosikokous 2024 pidettiin 15.5.2024 Tuomarinkartanon ratsastuskeskuksessa TKR:n teltassa (Kavaleffintie, Helsinki)\u00a0<\/strong><\/p>\n<p>T\u00e4ss\u00e4 oleelliset otteet kokouksen p\u00f6yt\u00e4kirjasta<\/p>\n<p style=\"text-align: left;\"><strong>Kokouksen avaus <\/strong><span data-ccp-props=\"{&quot;201341983&quot;:0,&quot;335559739&quot;:160,&quot;335559740&quot;:259}\">\u00a0<\/span><\/p>\n<p><span data-contrast=\"auto\">Puheenjohtaja Juha Vaarama avasi kokouksen klo 19:28<\/span><span data-ccp-props=\"{&quot;201341983&quot;:0,&quot;335559685&quot;:720,&quot;335559739&quot;:160,&quot;335559740&quot;:259}\">\u00a0<\/span><\/p>\n<p><strong>Kokouksen j\u00e4rjest\u00e4ytyminen\u00a0<\/strong><\/p>\n<p><span data-contrast=\"auto\">Kokouksen puheenjohtajaksi valittiin Juha Vaarama sihteeriksi Reija Salminen, p\u00f6yt\u00e4kirjantarkastajiksi ja \u00e4\u00e4nteenlaskijoiksi Mari Iivarinen ja Crista Toivola.<\/span><span data-ccp-props=\"{&quot;201341983&quot;:0,&quot;335559685&quot;:720,&quot;335559739&quot;:160,&quot;335559740&quot;:259}\">\u00a0<\/span><\/p>\n<p><strong>Kokouksen laillisuus ja p\u00e4\u00e4t\u00f6svaltaisuus\u00a0<\/strong><\/p>\n<p><span data-contrast=\"auto\">Kokous todettiin lailliseksi ja p\u00e4\u00e4t\u00f6svaltaiseksi, kokouskutsu on julkaistu maneesien ja tallien ilmoitustauluilla sek\u00e4 yhdistyksen internetsivuilla yli viikkoa<\/span> <span data-contrast=\"auto\">ennen kokousta.<\/span><span data-ccp-props=\"{&quot;201341983&quot;:0,&quot;335559685&quot;:720,&quot;335559739&quot;:160,&quot;335559740&quot;:259}\">\u00a0<\/span><\/p>\n<p><strong>Ty\u00f6j\u00e4rjestys<\/strong><span data-ccp-props=\"{&quot;201341983&quot;:0,&quot;335559739&quot;:160,&quot;335559740&quot;:259}\">\u00a0<\/span><\/p>\n<p><span data-contrast=\"auto\">Hyv\u00e4ksyttiin kokouksen ty\u00f6j\u00e4rjestys.<\/span><span data-ccp-props=\"{&quot;201341983&quot;:0,&quot;335559685&quot;:720,&quot;335559739&quot;:160,&quot;335559740&quot;:259}\">\u00a0<\/span><\/p>\n<p><strong>Tilinp\u00e4\u00e4t\u00f6s, toimintakertomus ja toiminnantarkastajan lausunto vuodelta 2023\u00a0<\/strong><\/p>\n<p><span data-contrast=\"auto\">Esitettiin tilinp\u00e4\u00e4t\u00f6s ja toimintakertomus vuodelta 2023 sek\u00e4 toiminnantarkastajan lausunto.<\/span><span data-ccp-props=\"{&quot;201341983&quot;:0,&quot;335559685&quot;:720,&quot;335559739&quot;:160,&quot;335559740&quot;:259}\">\u00a0<\/span><\/p>\n<p><strong>Vastuuvapaus\u00a0<\/strong><\/p>\n<p><span data-contrast=\"auto\">Tilinp\u00e4\u00e4t\u00f6s ja toimintakertomus vahvistettiin. Vuoden 2023 hallitukselle my\u00f6nnettiin tili- ja vastuuvapaus.<\/span><span data-ccp-props=\"{&quot;201341983&quot;:0,&quot;335559685&quot;:720,&quot;335559739&quot;:160,&quot;335559740&quot;:259}\">\u00a0<\/span><\/p>\n<p><strong>Toimintasuunnitelma sek\u00e4 tulo- ja menoarvio vuodelle 2024\u00a0<\/strong><\/p>\n<p><span data-contrast=\"auto\">Esitettiin toimintasuunnitelma sek\u00e4 budjetti vuodelle 2024. Pidet\u00e4\u00e4n seuran osuus j\u00e4senmaksusta ennallaan, ja j\u00e4senmaksun kokonaissumma seuraa mahdollisia SRL:n j\u00e4senmaksuosuuden korotuksia. Toimintasuunnitelma sek\u00e4 tulo- ja menoarvio hyv\u00e4ksyttiin muutoksitta.<\/span><span data-ccp-props=\"{&quot;201341983&quot;:0,&quot;335559685&quot;:720,&quot;335559739&quot;:160,&quot;335559740&quot;:259}\">\u00a0<\/span><\/p>\n<p><strong>Hallituksen puheenjohtajan ja hallituksen j\u00e4senten valinta \u00a0<\/strong><\/p>\n<p><span data-contrast=\"auto\">Hallituksen puheenjohtajaksi valittiin seuraavalle kaudelle vuodeksi 2024 Juha Vaarama.<\/span><span data-ccp-props=\"{&quot;201341983&quot;:0,&quot;335559685&quot;:720,&quot;335559739&quot;:160,&quot;335559740&quot;:259}\">\u00a0<\/span><br \/>\n<span data-contrast=\"auto\">Hallituksen j\u00e4senist\u00e4 olivat erovuorossa Kirsi Degerth-Moldov\u00e1ni, Henri Karjalainen, Reija Salminen ja Liisa Rauhala-Malkov.<\/span><span data-ccp-props=\"{&quot;201341983&quot;:0,&quot;335559685&quot;:720,&quot;335559739&quot;:160,&quot;335559740&quot;:259}\">\u00a0<\/span><br \/>\n<span data-contrast=\"auto\">Seuraavalle 2 vuotiselle kaudelle hallitukseen valittiin Kirsi Degerth-Moldov\u00e1ni, Maiju Jokitalo, Kaisa Ketolainen ja Reija Salminen.<\/span><span data-ccp-props=\"{&quot;201341983&quot;:0,&quot;335559685&quot;:720,&quot;335559739&quot;:160,&quot;335559740&quot;:259}\">\u00a0<\/span><br \/>\n<span data-contrast=\"auto\">Hallituksessa jatkavat Arja-Liisa V\u00e4tt\u00f6, Nina Strang-Heeffer ja Guyla Moldov\u00e1ni.<\/span><span data-ccp-props=\"{&quot;201341983&quot;:0,&quot;335559685&quot;:720,&quot;335559739&quot;:160,&quot;335559740&quot;:259}\">\u00a0<\/span><br \/>\n<span data-contrast=\"auto\">Maarit Lariola on ilmoittanut j\u00e4\u00e4v\u00e4ns\u00e4 pois hallituksesta ja seuraavalle yksivuotiskaudeksi hallitukseen valittiin Crista Toivola.<\/span><span data-ccp-props=\"{&quot;201341983&quot;:0,&quot;335559685&quot;:720,&quot;335559739&quot;:160,&quot;335559740&quot;:259}\">\u00a0<\/span><br \/>\n<span data-contrast=\"auto\">Varaj\u00e4seni\u00e4 ei valittu.<\/span><span data-ccp-props=\"{&quot;201341983&quot;:0,&quot;335559685&quot;:720,&quot;335559739&quot;:160,&quot;335559740&quot;:259}\">\u00a0<\/span><\/p>\n<p><strong>Valitaan toiminnantarkastaja ja varatarkastaja\u00a0<\/strong><\/p>\n<p><span data-contrast=\"auto\">Toiminnantarkastajaksi valittiin Jaana M\u00e4kinen. Varatoiminnantarkastajaksi valittiin Aleksandra W\u00e4hrn.<\/span><span data-ccp-props=\"{&quot;201341983&quot;:0,&quot;335559685&quot;:720,&quot;335559739&quot;:160,&quot;335559740&quot;:259}\">\u00a0<\/span><\/p>\n<p><strong>\u00a0Ansiomerkit ja palkitsemiset\u00a0<\/strong><\/p>\n<p><span data-contrast=\"auto\">Kultaisen ansiomerkin sai Nina Strang-Heeffer.<\/span><span data-ccp-props=\"{&quot;201341983&quot;:0,&quot;335559685&quot;:720,&quot;335559739&quot;:160,&quot;335559740&quot;:259}\">\u00a0<\/span><br \/>\n<span data-contrast=\"auto\">Pronssisen ansiomerkin saivat Guyla Moldov\u00e1ni, Lilli Kovanen, Siiri Toivola, Kaisa Ketolainen ja Hennika Laitinen.<\/span><span data-ccp-props=\"{&quot;201341983&quot;:0,&quot;335559685&quot;:720,&quot;335559739&quot;:160,&quot;335559740&quot;:259}\">\u00a0<\/span><\/p>\n<p><strong>Muut asiat\u00a0<\/strong><\/p>\n<p><span data-contrast=\"auto\">TKR:n nuorisojaokseen valittiin Lilli Kovanen, Siiri Toivola, Annina Moldov\u00e1ni, Maike Kamminga.<\/span><\/p>\n<p><strong>Puheenjohtaja p\u00e4\u00e4tti kokouksen klo 19:48.\u00a0<\/strong><\/p>\n<p>&nbsp;<\/p>\n","protected":false},"excerpt":{"rendered":"<p>TKR:n Vuosikokous 2024 pidettiin 15.5.2024 Tuomarinkartanon ratsastuskeskuksessa TKR:n teltassa (Kavaleffintie, Helsinki)\u00a0 T\u00e4ss\u00e4 oleelliset otteet kokouksen p\u00f6yt\u00e4kirjasta Kokouksen avaus \u00a0 Puheenjohtaja Juha Vaarama avasi kokouksen klo 19:28\u00a0 Kokouksen j\u00e4rjest\u00e4ytyminen\u00a0 Kokouksen puheenjohtajaksi valittiin Juha Vaarama sihteeriksi Reija Salminen, p\u00f6yt\u00e4kirjantarkastajiksi ja \u00e4\u00e4nteenlaskijoiksi Mari<span class=\"ellipsis\">&hellip;<\/span><\/p>\n<div class=\"read-more\"><a href=\"https:\/\/www.tuomarinkylanratsastajat.fi\/tkr\/tapahtumat\/tkrn-vuosikokous-2024\/\">Read more <span class=\"screen-reader-text\">TKR:n Vuosikokous 2024<\/span><span class=\"meta-nav\"> &#8250;<\/span><\/a><\/div>\n<p><!-- end of .read-more --><\/p>\n","protected":false},"author":3,"featured_media":0,"comment_status":"closed","ping_status":"closed","sticky":false,"template":"","format":"standard","meta":{"footnotes":""},"categories":[25,24,44],"tags":[],"class_list":["post-3821","post","type-post","status-publish","format-standard","hentry","category-hallitus","category-tapahtumat","category-uutiset-2"],"_links":{"self":[{"href":"https:\/\/www.tuomarinkylanratsastajat.fi\/tkr\/wp-json\/wp\/v2\/posts\/3821","targetHints":{"allow":["GET"]}}],"collection":[{"href":"https:\/\/www.tuomarinkylanratsastajat.fi\/tkr\/wp-json\/wp\/v2\/posts"}],"about":[{"href":"https:\/\/www.tuomarinkylanratsastajat.fi\/tkr\/wp-json\/wp\/v2\/types\/post"}],"author":[{"embeddable":true,"href":"https:\/\/www.tuomarinkylanratsastajat.fi\/tkr\/wp-json\/wp\/v2\/users\/3"}],"replies":[{"embeddable":true,"href":"https:\/\/www.tuomarinkylanratsastajat.fi\/tkr\/wp-json\/wp\/v2\/comments?post=3821"}],"version-history":[{"count":3,"href":"https:\/\/www.tuomarinkylanratsastajat.fi\/tkr\/wp-json\/wp\/v2\/posts\/3821\/revisions"}],"predecessor-version":[{"id":3829,"href":"https:\/\/www.tuomarinkylanratsastajat.fi\/tkr\/wp-json\/wp\/v2\/posts\/3821\/revisions\/3829"}],"wp:attachment":[{"href":"https:\/\/www.tuomarinkylanratsastajat.fi\/tkr\/wp-json\/wp\/v2\/media?parent=3821"}],"wp:term":[{"taxonomy":"category","embeddable":true,"href":"https:\/\/www.tuomarinkylanratsastajat.fi\/tkr\/wp-json\/wp\/v2\/categories?post=3821"},{"taxonomy":"post_tag","embeddable":true,"href":"https:\/\/www.tuomarinkylanratsastajat.fi\/tkr\/wp-json\/wp\/v2\/tags?post=3821"}],"curies":[{"name":"wp","href":"https:\/\/api.w.org\/{rel}","templated":true}]}}