{"id":3326,"date":"2023-04-14T09:44:10","date_gmt":"2023-04-14T07:44:10","guid":{"rendered":"https:\/\/www.tuomarinkylanratsastajat.fi\/tkr\/?p=3326"},"modified":"2023-04-14T09:54:25","modified_gmt":"2023-04-14T07:54:25","slug":"rataharjoitus-osallistujat-ja-tyovuorot-15-4-2023","status":"publish","type":"post","link":"https:\/\/www.tuomarinkylanratsastajat.fi\/tkr\/uutiset-2\/rataharjoitus-osallistujat-ja-tyovuorot-15-4-2023\/","title":{"rendered":"Rataharjoitus osallistujat ja ty\u00f6vuorot 15.4.2023"},"content":{"rendered":"<p><strong>La 15.4.2023 klo 14-14.30 radanrakennus<\/strong><\/p>\n<p><strong>Ryhm\u00e4 1 klo 14.30-15.10<\/strong><\/p>\n<ul>\n<li>Ville Rantanen<\/li>\n<li>Helmi Hietanen<\/li>\n<li>Venla Virkkunen<\/li>\n<li>\u00a0Henriikka Tikka<\/li>\n<li>Ronja Yli-Juuti<\/li>\n<li><\/li>\n<li style=\"text-align: left;\"><strong>Ryhm\u00e4 2 klo 15.10-16<\/strong><\/li>\n<li>Arja-Liisa V\u00e4tt\u00f6<\/li>\n<li>Sara Saarti<\/li>\n<li>P\u00e4ivi Lehtim\u00e4ki-Lahtinen<\/li>\n<li>Ida Virkki<\/li>\n<li>Kati Lumila<\/li>\n<li>Mirja Leskinen<\/li>\n<li><\/li>\n<li><strong>Ryhm\u00e4 3 klo 16-16.40<\/strong><\/li>\n<li>Oona Stewen<\/li>\n<li>Alexa Mitrunen<\/li>\n<li>Heli Iham\u00e4ki<\/li>\n<li>Aleksandra Kinnunen<\/li>\n<li>Sofia Holkeri<\/li>\n<\/ul>\n<p>Ryhm\u00e4t 2 ja 3 radanrakennus. Kaikki purkaa, kun ollaan valmiita. Mukana olevat vanhemmat\/muut avustajat mukaan rakentamiseen ja purkuun.<\/p>\n<p>Hauskaa harjoittelua!<\/p>\n<p>&nbsp;<\/p>\n<p>&nbsp;<\/p>\n","protected":false},"excerpt":{"rendered":"<p>La 15.4.2023 klo 14-14.30 radanrakennus Ryhm\u00e4 1 klo 14.30-15.10 Ville Rantanen Helmi Hietanen Venla Virkkunen \u00a0Henriikka Tikka Ronja Yli-Juuti Ryhm\u00e4 2 klo 15.10-16 Arja-Liisa V\u00e4tt\u00f6 Sara Saarti P\u00e4ivi Lehtim\u00e4ki-Lahtinen Ida Virkki Kati Lumila Mirja Leskinen Ryhm\u00e4 3 klo 16-16.40 Oona<span class=\"ellipsis\">&hellip;<\/span><\/p>\n<div class=\"read-more\"><a href=\"https:\/\/www.tuomarinkylanratsastajat.fi\/tkr\/uutiset-2\/rataharjoitus-osallistujat-ja-tyovuorot-15-4-2023\/\">Read more <span class=\"screen-reader-text\">Rataharjoitus osallistujat ja ty\u00f6vuorot 15.4.2023<\/span><span class=\"meta-nav\"> &#8250;<\/span><\/a><\/div>\n<p><!-- end of .read-more --><\/p>\n","protected":false},"author":4,"featured_media":0,"comment_status":"closed","ping_status":"closed","sticky":false,"template":"","format":"standard","meta":{"footnotes":""},"categories":[44],"tags":[],"class_list":["post-3326","post","type-post","status-publish","format-standard","hentry","category-uutiset-2"],"_links":{"self":[{"href":"https:\/\/www.tuomarinkylanratsastajat.fi\/tkr\/wp-json\/wp\/v2\/posts\/3326","targetHints":{"allow":["GET"]}}],"collection":[{"href":"https:\/\/www.tuomarinkylanratsastajat.fi\/tkr\/wp-json\/wp\/v2\/posts"}],"about":[{"href":"https:\/\/www.tuomarinkylanratsastajat.fi\/tkr\/wp-json\/wp\/v2\/types\/post"}],"author":[{"embeddable":true,"href":"https:\/\/www.tuomarinkylanratsastajat.fi\/tkr\/wp-json\/wp\/v2\/users\/4"}],"replies":[{"embeddable":true,"href":"https:\/\/www.tuomarinkylanratsastajat.fi\/tkr\/wp-json\/wp\/v2\/comments?post=3326"}],"version-history":[{"count":1,"href":"https:\/\/www.tuomarinkylanratsastajat.fi\/tkr\/wp-json\/wp\/v2\/posts\/3326\/revisions"}],"predecessor-version":[{"id":3327,"href":"https:\/\/www.tuomarinkylanratsastajat.fi\/tkr\/wp-json\/wp\/v2\/posts\/3326\/revisions\/3327"}],"wp:attachment":[{"href":"https:\/\/www.tuomarinkylanratsastajat.fi\/tkr\/wp-json\/wp\/v2\/media?parent=3326"}],"wp:term":[{"taxonomy":"category","embeddable":true,"href":"https:\/\/www.tuomarinkylanratsastajat.fi\/tkr\/wp-json\/wp\/v2\/categories?post=3326"},{"taxonomy":"post_tag","embeddable":true,"href":"https:\/\/www.tuomarinkylanratsastajat.fi\/tkr\/wp-json\/wp\/v2\/tags?post=3326"}],"curies":[{"name":"wp","href":"https:\/\/api.w.org\/{rel}","templated":true}]}}