{"id":2716,"date":"2022-02-16T17:10:00","date_gmt":"2022-02-16T15:10:00","guid":{"rendered":"https:\/\/www.tuomarinkylanratsastajat.fi\/tkr\/?p=2716"},"modified":"2022-02-17T08:37:59","modified_gmt":"2022-02-17T06:37:59","slug":"tomas-kivirannan-estevalmennus-5-6-2021","status":"publish","type":"post","link":"https:\/\/www.tuomarinkylanratsastajat.fi\/tkr\/uutiset-2\/tomas-kivirannan-estevalmennus-5-6-2021\/","title":{"rendered":"Tomas Kivirannan esterataharjoitus 19.2.2022 (RYHM\u00c4T: MUUTETTU 17.2.)"},"content":{"rendered":"\r\n<h3>HUOM: muutoksia ryhmiin (p\u00e4ivitetty 17.2.)<\/h3>\r\n<h3>OHJEET<\/h3>\r\n<p>Radan rakennus klo 14.30-15.30 (haetaan johteet ylh\u00e4\u00e4lt\u00e4).<\/p>\r\n<p>Ryhm\u00e4t 1,2 ja 3 osallistuvat rakentamiseen.<\/p>\r\n<p>Ryhm\u00e4t 4 ja 5 hoitavat radan purkamisen.<\/p>\r\n<p>Kaikki osallistuvat l\u00e4jien ker\u00e4\u00e4miseen.<\/p>\r\n<p>Kirjuri (ajanoton kirjaaminen per ratsukko: Kiki ryhm\u00e4 1, Minea ryhm\u00e4 2, Saara I. ryhm\u00e4 3 ja Maija T. ryhm\u00e4t 4 sek\u00e4 5.<\/p>\r\n<h3>Ryhm\u00e4 1: 15.30-16.30 (90-100)<\/h3>\r\n<p>Annika Korhonen, TKR<\/p>\r\n<p>Annina Moldovani, TKR<\/p>\r\n<p>Henna Maula, TKR<\/p>\r\n<p>Selma Maula, TKR<\/p>\r\n<h3>Ryhm\u00e4 2: 16.30-17.30 (60-70)<\/h3>\r\n<p>Arja-Liisa V\u00e4tt\u00f6, TKR<\/p>\r\n<p>Lilli Kovanen, TKR<\/p>\r\n<p>Ida Mohell, TKR<\/p>\r\n<p>Sofia Holkeri, TKR<\/p>\r\n<h3>Ryhm\u00e4 3: 17.30-18.30 (80)<\/h3>\r\n<p>Juha Vaarama, TKR<\/p>\r\n<p>Oona Stewen, TKR<\/p>\r\n<p>Kadri Parta, TKR<\/p>\r\n<p>Henrietta Nyberg, TKR<\/p>\r\n<h3>Ryhm\u00e4 4: 18.30-19.30 (80)<\/h3>\r\n<p>Minea Lith, HeWi<\/p>\r\n<p>Eeva Petterson, TKR<\/p>\r\n<p>Mirja Leskinen, TKR<\/p>\r\n<p>Sonja Alaskewicz, TKR<\/p>\r\n<h3>Ryhm\u00e4 5: 19.30-20.30\u00a0<\/h3>\r\n<p>Laura Tolvanen, TKR<\/p>\r\n<p>Saara Iivari, TKR<\/p>\r\n<p>Ronja Pippuri, TKR<\/p>\r\n<p>Amanda Suonio, TKR<\/p>\r\n<p>=====================<\/p>\r\n<p>Valmennus j\u00e4rjestet\u00e4\u00e4n\u00a0<strong>lauantaina 19.2.2022 klo 15-21 Tuomarinkyl\u00e4n Vanhassa Maneesissa.<\/strong><\/p>\r\n\r\n\r\n\r\n<p>T\u00e4ss\u00e4 valmennuksessa\/ rataharjoituksessa harjoittelemme 90 cm ja matalampien luokkien osalta ihanneaikaratsastusta, uusien Srl:n s\u00e4\u00e4nt\u00f6muutosten vuoksi.\u00a0<\/p>\r\n\r\n\r\n\r\n<p>Valmennus ratsastetaan nelj\u00e4n ratsukon ryhmiss\u00e4; 1 tunti\/ ryhm\u00e4. Ryhm\u00e4t muodostetaan tason mukaan.<\/p>\r\n\r\n\r\n\r\n<p>Valmennuksen hinta:<br \/>TKR:\u00e4\u00e4 ja HeWi:\u00e4 edustaville j\u00e4senille seurat sponsoroivat osan valmennuksen hinnasta. Sponsorointi koskee vain yht\u00e4 hevosta \/ ratsastaja.<\/p>\r\n\r\n\r\n\r\n<ul class=\"wp-block-list\">\r\n<li><strong>TKR:n j\u00e4senet valmennustuella:\u00a0 35 \u20ac\u00a0<\/strong><\/li>\r\n<li><strong>HeWi:n j\u00e4senet valmennustuella \u00a040 \u20ac<\/strong>\u00a0<\/li>\r\n<li><strong>Muiden seurojen<\/strong>\u00a0<strong>j\u00e4senet:<\/strong>\u00a0<strong>50\u00a0\u20ac\u00a0<\/strong><\/li>\r\n<\/ul>\r\n\r\n\r\n\r\n<p>Ilmoittautumiset viimeist\u00e4\u00e4n 12.2.2022 s\u00e4hk\u00f6postilla kirsi.degerth@ratsastusopisto.fi<\/p>\r\n\r\n\r\n\r\n<p>Kerro nimesi, puhelinnumerosi, seurasi, hevosen nimi sek\u00e4 tasonne.<\/p>\r\n<p>Alaik\u00e4isen osallistujan ilmoittautumisen hoitaa huoltaja.<\/p>\r\n\r\n\r\n\r\n<p>Ilmoittautuminen on sitova. Viimeisen ilmoittautumisp\u00e4iv\u00e4n j\u00e4lkeen ratsastaja on velvollinen maksamaan tunnin tai hankkimaan korvaavan ratsukon tilalle, mik\u00e4li ei itse p\u00e4\u00e4se osallistumaan.<\/p>\r\n\r\n\r\n\r\n\r\n\r\n<p>Tunneille on etusija TKR:n j\u00e4senill\u00e4. Paikat t\u00e4ytet\u00e4\u00e4n ilmoittautumisj\u00e4rjestyksess\u00e4. Tunti maksetaan ilmoittautumisajan puitteissa TKR:n tilille FI74 1412 3000 6014 05. K\u00e4yt\u00e4 ehdottomasti viitenumeroa 1313 maksaessasi.<\/p>\r\n\r\n\r\n\r\n<p><strong>Tervetuloa mukaan!<\/strong><\/p>\r\n","protected":false},"excerpt":{"rendered":"<p>HUOM: muutoksia ryhmiin (p\u00e4ivitetty 17.2.) OHJEET Radan rakennus klo 14.30-15.30 (haetaan johteet ylh\u00e4\u00e4lt\u00e4). Ryhm\u00e4t 1,2 ja 3 osallistuvat rakentamiseen. Ryhm\u00e4t 4 ja 5 hoitavat radan purkamisen. Kaikki osallistuvat l\u00e4jien ker\u00e4\u00e4miseen. Kirjuri (ajanoton kirjaaminen per ratsukko: Kiki ryhm\u00e4 1, Minea ryhm\u00e4<span class=\"ellipsis\">&hellip;<\/span><\/p>\n<div class=\"read-more\"><a href=\"https:\/\/www.tuomarinkylanratsastajat.fi\/tkr\/uutiset-2\/tomas-kivirannan-estevalmennus-5-6-2021\/\">Read more <span class=\"screen-reader-text\">Tomas Kivirannan esterataharjoitus 19.2.2022 (RYHM\u00c4T: MUUTETTU 17.2.)<\/span><span class=\"meta-nav\"> &#8250;<\/span><\/a><\/div>\n<p><!-- end of .read-more --><\/p>\n","protected":false},"author":4,"featured_media":0,"comment_status":"open","ping_status":"closed","sticky":false,"template":"","format":"standard","meta":{"footnotes":""},"categories":[44],"tags":[],"class_list":["post-2716","post","type-post","status-publish","format-standard","hentry","category-uutiset-2"],"_links":{"self":[{"href":"https:\/\/www.tuomarinkylanratsastajat.fi\/tkr\/wp-json\/wp\/v2\/posts\/2716","targetHints":{"allow":["GET"]}}],"collection":[{"href":"https:\/\/www.tuomarinkylanratsastajat.fi\/tkr\/wp-json\/wp\/v2\/posts"}],"about":[{"href":"https:\/\/www.tuomarinkylanratsastajat.fi\/tkr\/wp-json\/wp\/v2\/types\/post"}],"author":[{"embeddable":true,"href":"https:\/\/www.tuomarinkylanratsastajat.fi\/tkr\/wp-json\/wp\/v2\/users\/4"}],"replies":[{"embeddable":true,"href":"https:\/\/www.tuomarinkylanratsastajat.fi\/tkr\/wp-json\/wp\/v2\/comments?post=2716"}],"version-history":[{"count":9,"href":"https:\/\/www.tuomarinkylanratsastajat.fi\/tkr\/wp-json\/wp\/v2\/posts\/2716\/revisions"}],"predecessor-version":[{"id":2951,"href":"https:\/\/www.tuomarinkylanratsastajat.fi\/tkr\/wp-json\/wp\/v2\/posts\/2716\/revisions\/2951"}],"wp:attachment":[{"href":"https:\/\/www.tuomarinkylanratsastajat.fi\/tkr\/wp-json\/wp\/v2\/media?parent=2716"}],"wp:term":[{"taxonomy":"category","embeddable":true,"href":"https:\/\/www.tuomarinkylanratsastajat.fi\/tkr\/wp-json\/wp\/v2\/categories?post=2716"},{"taxonomy":"post_tag","embeddable":true,"href":"https:\/\/www.tuomarinkylanratsastajat.fi\/tkr\/wp-json\/wp\/v2\/tags?post=2716"}],"curies":[{"name":"wp","href":"https:\/\/api.w.org\/{rel}","templated":true}]}}