{"id":2405,"date":"2020-06-03T08:28:56","date_gmt":"2020-06-03T06:28:56","guid":{"rendered":"https:\/\/www.tuomarinkylanratsastajat.fi\/tkr\/?p=2405"},"modified":"2020-06-03T08:31:42","modified_gmt":"2020-06-03T06:31:42","slug":"tiinan-valmennuksen-osallistujat-6-6-2020","status":"publish","type":"post","link":"https:\/\/www.tuomarinkylanratsastajat.fi\/tkr\/tapahtumat\/tiinan-valmennuksen-osallistujat-6-6-2020\/","title":{"rendered":"Tiinan valmennuksen osallistujat 6.6.2020"},"content":{"rendered":"<p>Tiina Tarkkalan kouluvalmennuksen osallistujat <em>6.6.2020 Iso Kentt\u00e4 Tuusulantien p\u00e4\u00e4ty klo 15-18<\/em><\/p>\r\n<p>klo <strong>15-16<\/strong><\/p>\r\n<p>Halmari &#8211; Peppi<\/p>\r\n<p>Halmari &#8211; Manta<\/p>\r\n<p>Hartikka &#8211; Prinssi<\/p>\r\n<p><strong>Klo 16-17<\/strong><\/p>\r\n<p>Pajula &#8211; Dexit<\/p>\r\n<p>Aules &#8211; Mona<\/p>\r\n<p>Orasmaa &#8211; Windi<\/p>\r\n<p><strong>Klo 17-18<\/strong><\/p>\r\n<p>Hakala &#8211; Didai<\/p>\r\n<p>Salmenkyl\u00e4 &#8211; Dille<\/p>\r\n<p>Haanp\u00e4\u00e4 &#8211; ?<\/p>\r\n<p>Mukavaa valmennusta!<\/p>\r\n<!-- \/wp:post-content -->\r\n\r\n<!-- wp:paragraph \/-->\r\n\r\n<!-- wp:paragraph \/-->\r\n\r\n<!-- wp:paragraph \/-->\r\n\r\n<!-- wp:paragraph \/-->\r\n\r\n<!-- wp:paragraph \/-->\r\n\r\n<!-- wp:paragraph \/-->\r\n\r\n<!-- wp:paragraph \/-->\r\n\r\n<!-- wp:paragraph \/-->\r\n\r\n<!-- wp:paragraph \/-->\r\n\r\n<!-- wp:paragraph \/-->\r\n\r\n<!-- wp:paragraph \/-->\r\n\r\n<!-- wp:paragraph \/-->\r\n\r\n<!-- wp:paragraph \/-->\r\n\r\n<!-- wp:paragraph -->\r\n<p>&nbsp;<\/p>","protected":false},"excerpt":{"rendered":"<p>Tiina Tarkkalan kouluvalmennuksen osallistujat 6.6.2020 Iso Kentt\u00e4 Tuusulantien p\u00e4\u00e4ty klo 15-18 klo 15-16 Halmari &#8211; Peppi Halmari &#8211; Manta Hartikka &#8211; Prinssi Klo 16-17 Pajula &#8211; Dexit Aules &#8211; Mona Orasmaa &#8211; Windi Klo 17-18 Hakala &#8211; Didai Salmenkyl\u00e4 &#8211;<span class=\"ellipsis\">&hellip;<\/span><\/p>\n<div class=\"read-more\"><a href=\"https:\/\/www.tuomarinkylanratsastajat.fi\/tkr\/tapahtumat\/tiinan-valmennuksen-osallistujat-6-6-2020\/\">Read more <span class=\"screen-reader-text\">Tiinan valmennuksen osallistujat 6.6.2020<\/span><span class=\"meta-nav\"> &#8250;<\/span><\/a><\/div>\n<p><!-- end of .read-more --><\/p>\n","protected":false},"author":3,"featured_media":0,"comment_status":"open","ping_status":"closed","sticky":false,"template":"","format":"standard","meta":{"footnotes":""},"categories":[24,48],"tags":[],"class_list":["post-2405","post","type-post","status-publish","format-standard","hentry","category-tapahtumat","category-tiina-tarkkalan-valmennusket"],"_links":{"self":[{"href":"https:\/\/www.tuomarinkylanratsastajat.fi\/tkr\/wp-json\/wp\/v2\/posts\/2405","targetHints":{"allow":["GET"]}}],"collection":[{"href":"https:\/\/www.tuomarinkylanratsastajat.fi\/tkr\/wp-json\/wp\/v2\/posts"}],"about":[{"href":"https:\/\/www.tuomarinkylanratsastajat.fi\/tkr\/wp-json\/wp\/v2\/types\/post"}],"author":[{"embeddable":true,"href":"https:\/\/www.tuomarinkylanratsastajat.fi\/tkr\/wp-json\/wp\/v2\/users\/3"}],"replies":[{"embeddable":true,"href":"https:\/\/www.tuomarinkylanratsastajat.fi\/tkr\/wp-json\/wp\/v2\/comments?post=2405"}],"version-history":[{"count":5,"href":"https:\/\/www.tuomarinkylanratsastajat.fi\/tkr\/wp-json\/wp\/v2\/posts\/2405\/revisions"}],"predecessor-version":[{"id":2410,"href":"https:\/\/www.tuomarinkylanratsastajat.fi\/tkr\/wp-json\/wp\/v2\/posts\/2405\/revisions\/2410"}],"wp:attachment":[{"href":"https:\/\/www.tuomarinkylanratsastajat.fi\/tkr\/wp-json\/wp\/v2\/media?parent=2405"}],"wp:term":[{"taxonomy":"category","embeddable":true,"href":"https:\/\/www.tuomarinkylanratsastajat.fi\/tkr\/wp-json\/wp\/v2\/categories?post=2405"},{"taxonomy":"post_tag","embeddable":true,"href":"https:\/\/www.tuomarinkylanratsastajat.fi\/tkr\/wp-json\/wp\/v2\/tags?post=2405"}],"curies":[{"name":"wp","href":"https:\/\/api.w.org\/{rel}","templated":true}]}}