{"id":2394,"date":"2020-05-26T09:20:32","date_gmt":"2020-05-26T07:20:32","guid":{"rendered":"https:\/\/www.tuomarinkylanratsastajat.fi\/tkr\/?p=2394"},"modified":"2020-05-26T09:24:29","modified_gmt":"2020-05-26T07:24:29","slug":"kutsu-seuran-vuosikokous-2020-pidetaan-4-6-2020-klo-18-30","status":"publish","type":"post","link":"https:\/\/www.tuomarinkylanratsastajat.fi\/tkr\/tapahtumat\/kutsu-seuran-vuosikokous-2020-pidetaan-4-6-2020-klo-18-30\/","title":{"rendered":"KUTSU: Seuran vuosikokous 2020 pidet\u00e4\u00e4n 4.6.2020 klo 18.30"},"content":{"rendered":"<h1>Tervetuloa TKR:n vuosikokoukseen!<\/h1>\n<p><strong>KUTSU julkaistu 26.5.2020<\/strong><\/p>\n<p>Tuomarinkyl\u00e4n ratsastajat \u2013 Domarby ryttare ry:n s\u00e4\u00e4nt\u00f6m\u00e4\u00e4r\u00e4inen vuosikokous pidet\u00e4\u00e4n<\/p>\n<p><strong>Torstaina 4.6.2020 klo 18.30 TKR:n kontin takana\/ison kent\u00e4n katsomon takana olevien p\u00f6yt\u00e4ryhmien ymp\u00e4rill\u00e4. <\/strong><\/p>\n<p>Koronavirusrajoitukset huomioidaan eli kokous pidet\u00e4\u00e4n ulkona ja osallistujia pyydet\u00e4\u00e4n noudattamaan 1-2 metrin turvaet\u00e4isyytt\u00e4 muista osallistujista. Kokous on avoinna kaikille seuran j\u00e4senille, mutta noudatamme tarvittaessa Valtioneuvoston 50 henkil\u00f6n kokoontumisrajoitusta. Valtioneuvoston 10 henkil\u00f6n kokoontumisrajoitus toukokuussa on syy, miksi hallitus p\u00e4\u00e4tti kokouksen my\u00f6h\u00e4stytt\u00e4misen kes\u00e4kuun alkuun.<\/p>\n<p>Yhdistyksen vuosikokouksessa k\u00e4sitell\u00e4\u00e4n seuraavat asiat:<\/p>\n<ol>\n<li>Kokouksen avaus<\/li>\n<li>Valitaan kokouksen puheenjohtaja, sihteeri, kaksi p\u00f6yt\u00e4kirjantarkastajaa ja tarvittaessa kaksi \u00e4\u00e4ntenlaskijaa<\/li>\n<li>Todetaan kokouksen laillisuus ja p\u00e4\u00e4t\u00f6svaltaisuus<\/li>\n<li>Hyv\u00e4ksyt\u00e4\u00e4n kokouksen ty\u00f6j\u00e4rjestys<\/li>\n<li>Esitet\u00e4\u00e4n tilinp\u00e4\u00e4t\u00f6s, toimintakertomus ja toiminnantarkastajien lausunto vuodelta 2019<\/li>\n<li>P\u00e4\u00e4tet\u00e4\u00e4n tilinp\u00e4\u00e4t\u00f6ksen vahvistamisesta ja vastuuvapauden my\u00f6nt\u00e4misest\u00e4 hallitukselle ja muille vastuuvelvollisille<\/li>\n<li>Vahvistetaan toimintasuunnitelma sek\u00e4 tulo- ja menoarvio vuodelle 2020<\/li>\n<li>Valitaan hallituksen puheenjohtaja<\/li>\n<li>Valitaan hallituksen j\u00e4senet erovuoroisten tilalle seuraavaksi kaksivuotiskaudeksi.<\/li>\n<li>Valitaan hallitukseen j\u00e4sen yksivuotiskaudeksi eronneen j\u00e4senen tilalle<\/li>\n<li>Valitaan kaksi toiminnantarkastajaa ja heille varatoiminnantarkastajat<\/li>\n<li>Ansiomerkit ja palkitsemiset<\/li>\n<li>Muut asiat<\/li>\n<li>Kokouksen p\u00e4\u00e4tt\u00e4minen<\/li>\n<\/ol>\n<p>&nbsp;<\/p>\n<p>Tervetuloa!<\/p>\n<p>Hallitus<\/p>\n<p>&nbsp;<\/p>\n","protected":false},"excerpt":{"rendered":"<p>Tervetuloa TKR:n vuosikokoukseen! KUTSU julkaistu 26.5.2020 Tuomarinkyl\u00e4n ratsastajat \u2013 Domarby ryttare ry:n s\u00e4\u00e4nt\u00f6m\u00e4\u00e4r\u00e4inen vuosikokous pidet\u00e4\u00e4n Torstaina 4.6.2020 klo 18.30 TKR:n kontin takana\/ison kent\u00e4n katsomon takana olevien p\u00f6yt\u00e4ryhmien ymp\u00e4rill\u00e4. Koronavirusrajoitukset huomioidaan eli kokous pidet\u00e4\u00e4n ulkona ja osallistujia pyydet\u00e4\u00e4n noudattamaan 1-2 metrin<span class=\"ellipsis\">&hellip;<\/span><\/p>\n<div class=\"read-more\"><a href=\"https:\/\/www.tuomarinkylanratsastajat.fi\/tkr\/tapahtumat\/kutsu-seuran-vuosikokous-2020-pidetaan-4-6-2020-klo-18-30\/\">Read more <span class=\"screen-reader-text\">KUTSU: Seuran vuosikokous 2020 pidet\u00e4\u00e4n 4.6.2020 klo 18.30<\/span><span class=\"meta-nav\"> &#8250;<\/span><\/a><\/div>\n<p><!-- end of .read-more --><\/p>\n","protected":false},"author":3,"featured_media":0,"comment_status":"open","ping_status":"closed","sticky":false,"template":"","format":"standard","meta":{"footnotes":""},"categories":[25,24,44],"tags":[],"class_list":["post-2394","post","type-post","status-publish","format-standard","hentry","category-hallitus","category-tapahtumat","category-uutiset-2"],"_links":{"self":[{"href":"https:\/\/www.tuomarinkylanratsastajat.fi\/tkr\/wp-json\/wp\/v2\/posts\/2394","targetHints":{"allow":["GET"]}}],"collection":[{"href":"https:\/\/www.tuomarinkylanratsastajat.fi\/tkr\/wp-json\/wp\/v2\/posts"}],"about":[{"href":"https:\/\/www.tuomarinkylanratsastajat.fi\/tkr\/wp-json\/wp\/v2\/types\/post"}],"author":[{"embeddable":true,"href":"https:\/\/www.tuomarinkylanratsastajat.fi\/tkr\/wp-json\/wp\/v2\/users\/3"}],"replies":[{"embeddable":true,"href":"https:\/\/www.tuomarinkylanratsastajat.fi\/tkr\/wp-json\/wp\/v2\/comments?post=2394"}],"version-history":[{"count":3,"href":"https:\/\/www.tuomarinkylanratsastajat.fi\/tkr\/wp-json\/wp\/v2\/posts\/2394\/revisions"}],"predecessor-version":[{"id":2398,"href":"https:\/\/www.tuomarinkylanratsastajat.fi\/tkr\/wp-json\/wp\/v2\/posts\/2394\/revisions\/2398"}],"wp:attachment":[{"href":"https:\/\/www.tuomarinkylanratsastajat.fi\/tkr\/wp-json\/wp\/v2\/media?parent=2394"}],"wp:term":[{"taxonomy":"category","embeddable":true,"href":"https:\/\/www.tuomarinkylanratsastajat.fi\/tkr\/wp-json\/wp\/v2\/categories?post=2394"},{"taxonomy":"post_tag","embeddable":true,"href":"https:\/\/www.tuomarinkylanratsastajat.fi\/tkr\/wp-json\/wp\/v2\/tags?post=2394"}],"curies":[{"name":"wp","href":"https:\/\/api.w.org\/{rel}","templated":true}]}}