{"id":2334,"date":"2020-02-25T23:08:50","date_gmt":"2020-02-25T21:08:50","guid":{"rendered":"https:\/\/www.tuomarinkylanratsastajat.fi\/tkr\/?p=2334"},"modified":"2020-03-12T22:45:41","modified_gmt":"2020-03-12T20:45:41","slug":"kirsi-degerth-moldovani-estevalmennus-osallistujat-29-2-2020-klo-18-21","status":"publish","type":"post","link":"https:\/\/www.tuomarinkylanratsastajat.fi\/tkr\/uutiset-2\/kirsi-degerth-moldovani-estevalmennus-osallistujat-29-2-2020-klo-18-21\/","title":{"rendered":"Kirsi Degerth-Moldova&#8217;ni estevalmennus\/ osallistujat 29.2.2020 klo 18-21"},"content":{"rendered":"\r\n<p><strong>Klo 18-19<\/strong><\/p>\r\n\r\n\r\n\r\n<p>Lipi\u00e4inen<\/p>\r\n\r\n\r\n\r\n<p>V\u00e4tt\u00f6<\/p>\r\n\r\n\r\n\r\n<p>&nbsp;<\/p>\r\n\r\n\r\n\r\n<p>Hartikka<\/p>\r\n\r\n\r\n\r\n<p>Salminen M<\/p>\r\n\r\n\r\n\r\n<p><strong>Klo 19-20<\/strong><\/p>\r\n\r\n\r\n\r\n<p>Brown<\/p>\r\n\r\n\r\n\r\n<p>Halmari<\/p>\r\n\r\n\r\n\r\n<p>Salminen U<\/p>\r\n\r\n\r\n\r\n<p><strong>Klo 20-21<\/strong><\/p>\r\n\r\n\r\n\r\n<p>Parta<\/p>\r\n\r\n\r\n\r\n<p>Rantamo<\/p>\r\n\r\n\r\n\r\n<p>Appelqvist<\/p>\r\n\r\n\r\n\r\n<p>Ryhm\u00e4 2 ja 3 radanrakennus ja kakankeruu, ryhm\u00e4 1 kakankeruu ja radanpurku ryhmien 2 ja 3 kanssa.<\/p>\r\n\r\n\r\n\r\n<p>&nbsp;<\/p>\r\n\r\n\r\n\r\n<p>&nbsp;<\/p>\r\n\r\n\r\n\r\n<p>&nbsp;<\/p>\r\n","protected":false},"excerpt":{"rendered":"<p>Klo 18-19 Lipi\u00e4inen V\u00e4tt\u00f6 &nbsp; Hartikka Salminen M Klo 19-20 Brown Halmari Salminen U Klo 20-21 Parta Rantamo Appelqvist Ryhm\u00e4 2 ja 3 radanrakennus ja kakankeruu, ryhm\u00e4 1 kakankeruu ja radanpurku ryhmien 2 ja 3 kanssa. &nbsp; &nbsp; &nbsp;<\/p>\n","protected":false},"author":4,"featured_media":0,"comment_status":"open","ping_status":"closed","sticky":false,"template":"","format":"standard","meta":{"footnotes":""},"categories":[44],"tags":[],"class_list":["post-2334","post","type-post","status-publish","format-standard","hentry","category-uutiset-2"],"_links":{"self":[{"href":"https:\/\/www.tuomarinkylanratsastajat.fi\/tkr\/wp-json\/wp\/v2\/posts\/2334","targetHints":{"allow":["GET"]}}],"collection":[{"href":"https:\/\/www.tuomarinkylanratsastajat.fi\/tkr\/wp-json\/wp\/v2\/posts"}],"about":[{"href":"https:\/\/www.tuomarinkylanratsastajat.fi\/tkr\/wp-json\/wp\/v2\/types\/post"}],"author":[{"embeddable":true,"href":"https:\/\/www.tuomarinkylanratsastajat.fi\/tkr\/wp-json\/wp\/v2\/users\/4"}],"replies":[{"embeddable":true,"href":"https:\/\/www.tuomarinkylanratsastajat.fi\/tkr\/wp-json\/wp\/v2\/comments?post=2334"}],"version-history":[{"count":5,"href":"https:\/\/www.tuomarinkylanratsastajat.fi\/tkr\/wp-json\/wp\/v2\/posts\/2334\/revisions"}],"predecessor-version":[{"id":2357,"href":"https:\/\/www.tuomarinkylanratsastajat.fi\/tkr\/wp-json\/wp\/v2\/posts\/2334\/revisions\/2357"}],"wp:attachment":[{"href":"https:\/\/www.tuomarinkylanratsastajat.fi\/tkr\/wp-json\/wp\/v2\/media?parent=2334"}],"wp:term":[{"taxonomy":"category","embeddable":true,"href":"https:\/\/www.tuomarinkylanratsastajat.fi\/tkr\/wp-json\/wp\/v2\/categories?post=2334"},{"taxonomy":"post_tag","embeddable":true,"href":"https:\/\/www.tuomarinkylanratsastajat.fi\/tkr\/wp-json\/wp\/v2\/tags?post=2334"}],"curies":[{"name":"wp","href":"https:\/\/api.w.org\/{rel}","templated":true}]}}