{"id":2325,"date":"2020-02-13T23:10:33","date_gmt":"2020-02-13T21:10:33","guid":{"rendered":"https:\/\/www.tuomarinkylanratsastajat.fi\/tkr\/?p=2325"},"modified":"2020-02-13T23:13:35","modified_gmt":"2020-02-13T21:13:35","slug":"maarit-raiskio-22-2-2020-osallistujat-uusi-maneesi","status":"publish","type":"post","link":"https:\/\/www.tuomarinkylanratsastajat.fi\/tkr\/valmennukset\/vierailevat-valmentajat\/maarit-raiskio-22-2-2020-osallistujat-uusi-maneesi\/","title":{"rendered":"Maarit Raiskio 22.2.2020 osallistujat Uusi Maneesi"},"content":{"rendered":"<h4><strong>Klo 14-15<\/strong><\/h4>\r\n<!-- \/wp:post-content -->\r\n\r\n<!-- wp:paragraph -->\r\n<ul>\r\n<li>Rantamo<\/li>\r\n<li>Vartia<\/li>\r\n<li>Valkeiskangas<\/li>\r\n<\/ul>\r\n<!-- \/wp:paragraph -->\r\n\r\n<!-- wp:paragraph \/-->\r\n\r\n<!-- wp:paragraph \/-->\r\n\r\n<!-- wp:paragraph \/-->\r\n\r\n<!-- wp:paragraph -->\r\n<h4><strong>Klo 15-16<\/strong><\/h4>\r\n<!-- \/wp:paragraph -->\r\n\r\n<!-- wp:paragraph -->\r\n<ul>\r\n<li>Kuukari<\/li>\r\n<li>Niemi<\/li>\r\n<li>H\u00f6ri-Santala<\/li>\r\n<\/ul>\r\n<!-- \/wp:paragraph -->\r\n\r\n<!-- wp:paragraph \/-->\r\n\r\n<!-- wp:paragraph \/-->\r\n\r\n<!-- wp:image \/-->\r\n\r\n<!-- wp:paragraph -->\r\n<h4><strong>Klo 16-17<\/strong><\/h4>\r\n<!-- \/wp:paragraph -->\r\n\r\n<!-- wp:paragraph \/-->\r\n\r\n<!-- wp:paragraph -->\r\n<ul>\r\n<li>Degerth-Moldov\u00e1ni<\/li>\r\n<li>Laaksonen<\/li>\r\n<\/ul>\r\n<!-- \/wp:paragraph -->\r\n\r\n<!-- wp:paragraph -->\r\n<h4><strong>Klo 17-18<\/strong><\/h4>\r\n<!-- \/wp:paragraph -->\r\n\r\n<!-- wp:paragraph \/-->\r\n\r\n<!-- wp:paragraph \/-->\r\n\r\n<!-- wp:paragraph -->\r\n<ul>\r\n<li>Hakala<\/li>\r\n<li>Strang-Heeffer<\/li>\r\n<\/ul>\r\n<h4><strong>Klo 18-18.45<\/strong><\/h4>\r\n<!-- \/wp:paragraph -->\r\n\r\n<!-- wp:paragraph \/-->\r\n\r\n<!-- wp:paragraph \/-->\r\n\r\n<!-- wp:paragraph -->\r\n<ul>\r\n<li>Degerth-K\u00e1ldi<\/li>\r\n<\/ul>\r\n<h4><strong>Klo 18.45-19.30<\/strong><\/h4>\r\n<!-- \/wp:paragraph -->\r\n\r\n<!-- wp:paragraph \/-->\r\n\r\n<!-- wp:paragraph \/-->\r\n\r\n<!-- wp:paragraph -->\r\n<ul>\r\n<li>Degerth-Moldov\u00e1ni \u00a0<\/li>\r\n<\/ul>","protected":false},"excerpt":{"rendered":"<p>Klo 14-15 Rantamo Vartia Valkeiskangas Klo 15-16 Kuukari Niemi H\u00f6ri-Santala Klo 16-17 Degerth-Moldov\u00e1ni Laaksonen Klo 17-18 Hakala Strang-Heeffer Klo 18-18.45 Degerth-K\u00e1ldi Klo 18.45-19.30 Degerth-Moldov\u00e1ni \u00a0<\/p>\n","protected":false},"author":3,"featured_media":0,"comment_status":"open","ping_status":"closed","sticky":false,"template":"","format":"standard","meta":{"footnotes":""},"categories":[19],"tags":[],"class_list":["post-2325","post","type-post","status-publish","format-standard","hentry","category-vierailevat-valmentajat"],"_links":{"self":[{"href":"https:\/\/www.tuomarinkylanratsastajat.fi\/tkr\/wp-json\/wp\/v2\/posts\/2325","targetHints":{"allow":["GET"]}}],"collection":[{"href":"https:\/\/www.tuomarinkylanratsastajat.fi\/tkr\/wp-json\/wp\/v2\/posts"}],"about":[{"href":"https:\/\/www.tuomarinkylanratsastajat.fi\/tkr\/wp-json\/wp\/v2\/types\/post"}],"author":[{"embeddable":true,"href":"https:\/\/www.tuomarinkylanratsastajat.fi\/tkr\/wp-json\/wp\/v2\/users\/3"}],"replies":[{"embeddable":true,"href":"https:\/\/www.tuomarinkylanratsastajat.fi\/tkr\/wp-json\/wp\/v2\/comments?post=2325"}],"version-history":[{"count":4,"href":"https:\/\/www.tuomarinkylanratsastajat.fi\/tkr\/wp-json\/wp\/v2\/posts\/2325\/revisions"}],"predecessor-version":[{"id":2329,"href":"https:\/\/www.tuomarinkylanratsastajat.fi\/tkr\/wp-json\/wp\/v2\/posts\/2325\/revisions\/2329"}],"wp:attachment":[{"href":"https:\/\/www.tuomarinkylanratsastajat.fi\/tkr\/wp-json\/wp\/v2\/media?parent=2325"}],"wp:term":[{"taxonomy":"category","embeddable":true,"href":"https:\/\/www.tuomarinkylanratsastajat.fi\/tkr\/wp-json\/wp\/v2\/categories?post=2325"},{"taxonomy":"post_tag","embeddable":true,"href":"https:\/\/www.tuomarinkylanratsastajat.fi\/tkr\/wp-json\/wp\/v2\/tags?post=2325"}],"curies":[{"name":"wp","href":"https:\/\/api.w.org\/{rel}","templated":true}]}}