{"id":1620,"date":"2019-07-29T13:15:54","date_gmt":"2019-07-29T11:15:54","guid":{"rendered":"https:\/\/www.tuomarinkylanratsastajat.fi\/tkr\/?p=1620"},"modified":"2019-07-31T15:07:47","modified_gmt":"2019-07-31T13:07:47","slug":"markku-soderbergin-estevalmennus-9-10-3-2019","status":"publish","type":"post","link":"https:\/\/www.tuomarinkylanratsastajat.fi\/tkr\/valmennukset\/markku-soderbergin-valmennukset\/markku-soderbergin-estevalmennus-9-10-3-2019\/","title":{"rendered":"Markku S\u00f6derbergin estevalmennus 3-4.8.2019 \/\/ RYHM\u00c4T \/\/"},"content":{"rendered":"<p><strong>Markku S\u00f6derbergin estevalmennus Tuomarinkyl\u00e4ss\u00e4 3-4.8.2019<\/strong><\/p>\n<p>***<\/p>\n<div>Launtaina ryhm\u00e4t 2-3 rakentavat radan \u00a0ja ryhm\u00e4t 1, 4 ja 5 \u00a0rakentavat su 4.8. radan.<\/div>\n<div><\/div>\n<div>Sunnuntaina ryhm\u00e4t 3 ja <b><u>4<\/u><\/b>\u00a0purkamaan viimeisen ryhm\u00e4n lopetettua.<\/div>\n<div>Jokaisen tulee my\u00f6s osallistua kakan ker\u00e4ykseen \/ puomien nostamiseen yms.<\/div>\n<div><\/div>\n<div><\/div>\n<p>RYHM\u00c4T ja AIKATAULUT<\/p>\n<p><strong>La 3.8. RYHM\u00c4 1, klo 13-14.30<\/strong><\/p>\n<p>Selma Maula TKR<\/p>\n<p>Sanna Stewen TKR<\/p>\n<p>Oona Stewen TKR<\/p>\n<p><strong>La 3.8. RYHM\u00c4 2, klo 14.30-16<\/strong><\/p>\n<p>Mila Kiviranta TKR<\/p>\n<p>Amanda Suonio TKR<\/p>\n<p>Kadri Kaarlep TKR<\/p>\n<p>Tuula Appelqvist HeWi<\/p>\n<p><strong>La 3.8. RYHM\u00c4 3, klo 16-17.30<\/strong><\/p>\n<p><span style=\"font-size: 1em;\">Kiki D-M TKR<\/span><\/p>\n<p>Anniina Moldova&#8217;ni TKR<\/p>\n<p>Hannaleena Kuukari HeWi<\/p>\n<p>Saara IIvari TKR<\/p>\n<p><strong>La 3.8. RYHM\u00c4 4, klo 17.30-19<\/strong><\/p>\n<p>Kia Danielsbacka Muu<\/p>\n<p>Linda Katara LOR<\/p>\n<p>Henna Maula TKR<\/p>\n<p><strong>La 3.8. RYHM\u00c4 5, klo 19-20.30<\/strong><\/p>\n<p>Alexandra Wh\u00e4rn TKR<\/p>\n<p>Kiki D-M TKR<\/p>\n<p>Nina Strang-Heeffer TKR<\/p>\n<p>Anne Lipi\u00e4inen TKR<\/p>\n<p><strong>Su 4.8. Ryhm\u00e4 1, klo 8-9.30<\/strong><\/p>\n<p>Mila Kiviranta TKR<\/p>\n<p>Kadri Kaalep TKR<\/p>\n<p>Amanda Suonio \u00a0TKR<\/p>\n<p>Oona Stewen TKR<\/p>\n<p>Maarit Lariola TKR<\/p>\n<p><strong>Su 4.8. Ryhm\u00e4 2, klo 9.30-10.45<\/strong><\/p>\n<p>Kiki D-M TKR<\/p>\n<p>Saara Iivari TKR<\/p>\n<p>Tuula Appelqvist HeWi<\/p>\n<p>Anne Lipi\u00e4inen TKR<\/p>\n<p><strong>Su 4.8. Ryhm\u00e4 3, klo 10.45-12<\/strong><\/p>\n<p>Selma Maula TKR<\/p>\n<p>Nina S-H TKR<\/p>\n<p>Sanna Stewn TKR<\/p>\n<p><strong>Su 4.8. Ryhm\u00e4 4, klo 12-13.15<\/strong><\/p>\n<p>Kia Danielsbacka Muu<\/p>\n<p>Linda Katara LOR<\/p>\n<p>Henna Maula TKR<\/p>\n<p><strong>Su 4.8. Ryhm\u00e4 5, klo 13.15-14.30<\/strong><\/p>\n<p>Kiki D-M TKR<\/p>\n<p>Hannaleena Kuukari TKR<\/p>\n<p>Alexandra Wh\u00e4rn TKR<\/p>\n<p>Annina Moldova&#8217;ni TKR<\/p>\n<p><strong>Tervetuloa mukaan!<\/strong><\/p>\n<p><img decoding=\"async\" src=\"https:\/\/www.tuomarinkylanratsastajat.fi\/tkr\/wp-content\/uploads\/2017\/10\/logo-TKR-1-2.png\" \/><\/p>\n","protected":false},"excerpt":{"rendered":"<p>Markku S\u00f6derbergin estevalmennus Tuomarinkyl\u00e4ss\u00e4 3-4.8.2019 *** Launtaina ryhm\u00e4t 2-3 rakentavat radan \u00a0ja ryhm\u00e4t 1, 4 ja 5 \u00a0rakentavat su 4.8. radan. Sunnuntaina ryhm\u00e4t 3 ja 4\u00a0purkamaan viimeisen ryhm\u00e4n lopetettua. Jokaisen tulee my\u00f6s osallistua kakan ker\u00e4ykseen \/ puomien nostamiseen yms. RYHM\u00c4T<span class=\"ellipsis\">&hellip;<\/span><\/p>\n<div class=\"read-more\"><a href=\"https:\/\/www.tuomarinkylanratsastajat.fi\/tkr\/valmennukset\/markku-soderbergin-valmennukset\/markku-soderbergin-estevalmennus-9-10-3-2019\/\">Read more <span class=\"screen-reader-text\">Markku S\u00f6derbergin estevalmennus 3-4.8.2019 \/\/ RYHM\u00c4T \/\/<\/span><span class=\"meta-nav\"> &#8250;<\/span><\/a><\/div>\n<p><!-- end of .read-more --><\/p>\n","protected":false},"author":4,"featured_media":0,"comment_status":"open","ping_status":"closed","sticky":false,"template":"","format":"standard","meta":{"footnotes":""},"categories":[17],"tags":[],"class_list":["post-1620","post","type-post","status-publish","format-standard","hentry","category-markku-soderbergin-valmennukset"],"_links":{"self":[{"href":"https:\/\/www.tuomarinkylanratsastajat.fi\/tkr\/wp-json\/wp\/v2\/posts\/1620","targetHints":{"allow":["GET"]}}],"collection":[{"href":"https:\/\/www.tuomarinkylanratsastajat.fi\/tkr\/wp-json\/wp\/v2\/posts"}],"about":[{"href":"https:\/\/www.tuomarinkylanratsastajat.fi\/tkr\/wp-json\/wp\/v2\/types\/post"}],"author":[{"embeddable":true,"href":"https:\/\/www.tuomarinkylanratsastajat.fi\/tkr\/wp-json\/wp\/v2\/users\/4"}],"replies":[{"embeddable":true,"href":"https:\/\/www.tuomarinkylanratsastajat.fi\/tkr\/wp-json\/wp\/v2\/comments?post=1620"}],"version-history":[{"count":14,"href":"https:\/\/www.tuomarinkylanratsastajat.fi\/tkr\/wp-json\/wp\/v2\/posts\/1620\/revisions"}],"predecessor-version":[{"id":1947,"href":"https:\/\/www.tuomarinkylanratsastajat.fi\/tkr\/wp-json\/wp\/v2\/posts\/1620\/revisions\/1947"}],"wp:attachment":[{"href":"https:\/\/www.tuomarinkylanratsastajat.fi\/tkr\/wp-json\/wp\/v2\/media?parent=1620"}],"wp:term":[{"taxonomy":"category","embeddable":true,"href":"https:\/\/www.tuomarinkylanratsastajat.fi\/tkr\/wp-json\/wp\/v2\/categories?post=1620"},{"taxonomy":"post_tag","embeddable":true,"href":"https:\/\/www.tuomarinkylanratsastajat.fi\/tkr\/wp-json\/wp\/v2\/tags?post=1620"}],"curies":[{"name":"wp","href":"https:\/\/api.w.org\/{rel}","templated":true}]}}